{"id":511,"date":"2025-05-28T10:06:44","date_gmt":"2025-05-28T08:06:44","guid":{"rendered":"https:\/\/www.medieteknik.info\/jdmvt25\/?p=511"},"modified":"2025-05-28T13:36:43","modified_gmt":"2025-05-28T11:36:43","slug":"spokhistorier","status":"publish","type":"post","link":"https:\/\/www.medieteknik.info\/jdmvt25\/spokhistorier\/","title":{"rendered":"Sp\u00f6khistorier"},"content":{"rendered":"\t\t<div data-elementor-type=\"wp-post\" data-elementor-id=\"511\" class=\"elementor elementor-511\" data-elementor-post-type=\"post\">\n\t\t\t\t<div class=\"elementor-element elementor-element-9fca966 e-flex e-con-boxed e-con e-parent\" data-id=\"9fca966\" data-element_type=\"container\">\n\t\t\t\t\t<div class=\"e-con-inner\">\n\t\t\t\t<div class=\"elementor-element elementor-element-b044d0e elementor-nav-menu--dropdown-tablet elementor-nav-menu__text-align-aside elementor-nav-menu--toggle elementor-nav-menu--burger elementor-widget elementor-widget-nav-menu\" data-id=\"b044d0e\" data-element_type=\"widget\" data-settings=\"{&quot;layout&quot;:&quot;horizontal&quot;,&quot;submenu_icon&quot;:{&quot;value&quot;:&quot;&lt;svg class=\\&quot;e-font-icon-svg e-fas-caret-down\\&quot; viewBox=\\&quot;0 0 320 512\\&quot; xmlns=\\&quot;http:\\\/\\\/www.w3.org\\\/2000\\\/svg\\&quot;&gt;&lt;path d=\\&quot;M31.3 192h257.3c17.8 0 26.7 21.5 14.1 34.1L174.1 354.8c-7.8 7.8-20.5 7.8-28.3 0L17.2 226.1C4.6 213.5 13.5 192 31.3 192z\\&quot;&gt;&lt;\\\/path&gt;&lt;\\\/svg&gt;&quot;,&quot;library&quot;:&quot;fa-solid&quot;},&quot;toggle&quot;:&quot;burger&quot;}\" data-widget_type=\"nav-menu.default\">\n\t\t\t\t<div class=\"elementor-widget-container\">\n\t\t\t\t\t\t\t\t<nav aria-label=\"Meny\" class=\"elementor-nav-menu--main elementor-nav-menu__container elementor-nav-menu--layout-horizontal e--pointer-underline e--animation-fade\">\n\t\t\t\t<ul id=\"menu-1-b044d0e\" class=\"elementor-nav-menu\"><li class=\"menu-item menu-item-type-post_type menu-item-object-page menu-item-has-children menu-item-658\"><a href=\"https:\/\/www.medieteknik.info\/jdmvt25\/projekt-i-fokus\/\" class=\"elementor-item\">Nattbes\u00f6ket<\/a>\n<ul class=\"sub-menu elementor-nav-menu--dropdown\">\n\t<li class=\"menu-item menu-item-type-post_type menu-item-object-post menu-item-557\"><a href=\"https:\/\/www.medieteknik.info\/jdmvt25\/om-nattbesoket\/\" class=\"elementor-sub-item\">Om nattbes\u00f6ket<\/a><\/li>\n<\/ul>\n<\/li>\n<li class=\"menu-item menu-item-type-taxonomy menu-item-object-category menu-item-297\"><a href=\"https:\/\/www.medieteknik.info\/jdmvt25\/category\/poddavsnitten\/\" class=\"elementor-item\">Poddavsnitten<\/a><\/li>\n<li class=\"menu-item menu-item-type-taxonomy menu-item-object-category menu-item-298\"><a href=\"https:\/\/www.medieteknik.info\/jdmvt25\/category\/spokhistorier\/\" class=\"elementor-item\">Sp\u00f6khistorier<\/a><\/li>\n<\/ul>\t\t\t<\/nav>\n\t\t\t\t\t<div class=\"elementor-menu-toggle\" role=\"button\" tabindex=\"0\" aria-label=\"Sl\u00e5 p\u00e5\/av meny\" aria-expanded=\"false\">\n\t\t\t<svg aria-hidden=\"true\" role=\"presentation\" class=\"elementor-menu-toggle__icon--open e-font-icon-svg e-eicon-menu-bar\" viewBox=\"0 0 1000 1000\" xmlns=\"http:\/\/www.w3.org\/2000\/svg\"><path d=\"M104 333H896C929 333 958 304 958 271S929 208 896 208H104C71 208 42 237 42 271S71 333 104 333ZM104 583H896C929 583 958 554 958 521S929 458 896 458H104C71 458 42 487 42 521S71 583 104 583ZM104 833H896C929 833 958 804 958 771S929 708 896 708H104C71 708 42 737 42 771S71 833 104 833Z\"><\/path><\/svg><svg aria-hidden=\"true\" role=\"presentation\" class=\"elementor-menu-toggle__icon--close e-font-icon-svg e-eicon-close\" viewBox=\"0 0 1000 1000\" xmlns=\"http:\/\/www.w3.org\/2000\/svg\"><path d=\"M742 167L500 408 258 167C246 154 233 150 217 150 196 150 179 158 167 167 154 179 150 196 150 212 150 229 154 242 171 254L408 500 167 742C138 771 138 800 167 829 196 858 225 858 254 829L496 587 738 829C750 842 767 846 783 846 800 846 817 842 829 829 842 817 846 804 846 783 846 767 842 750 829 737L588 500 833 258C863 229 863 200 833 171 804 137 775 137 742 167Z\"><\/path><\/svg>\t\t<\/div>\n\t\t\t\t\t<nav class=\"elementor-nav-menu--dropdown elementor-nav-menu__container\" aria-hidden=\"true\">\n\t\t\t\t<ul id=\"menu-2-b044d0e\" class=\"elementor-nav-menu\"><li class=\"menu-item menu-item-type-post_type menu-item-object-page menu-item-has-children menu-item-658\"><a href=\"https:\/\/www.medieteknik.info\/jdmvt25\/projekt-i-fokus\/\" class=\"elementor-item\" tabindex=\"-1\">Nattbes\u00f6ket<\/a>\n<ul class=\"sub-menu elementor-nav-menu--dropdown\">\n\t<li class=\"menu-item menu-item-type-post_type menu-item-object-post menu-item-557\"><a href=\"https:\/\/www.medieteknik.info\/jdmvt25\/om-nattbesoket\/\" class=\"elementor-sub-item\" tabindex=\"-1\">Om nattbes\u00f6ket<\/a><\/li>\n<\/ul>\n<\/li>\n<li class=\"menu-item menu-item-type-taxonomy menu-item-object-category menu-item-297\"><a href=\"https:\/\/www.medieteknik.info\/jdmvt25\/category\/poddavsnitten\/\" class=\"elementor-item\" tabindex=\"-1\">Poddavsnitten<\/a><\/li>\n<li class=\"menu-item menu-item-type-taxonomy menu-item-object-category menu-item-298\"><a href=\"https:\/\/www.medieteknik.info\/jdmvt25\/category\/spokhistorier\/\" class=\"elementor-item\" tabindex=\"-1\">Sp\u00f6khistorier<\/a><\/li>\n<\/ul>\t\t\t<\/nav>\n\t\t\t\t\t\t<\/div>\n\t\t\t\t<\/div>\n\t\t\t\t<div class=\"elementor-element elementor-element-ec0cd10 elementor-widget elementor-widget-text-editor\" data-id=\"ec0cd10\" data-element_type=\"widget\" data-widget_type=\"text-editor.default\">\n\t\t\t\t<div class=\"elementor-widget-container\">\n\t\t\t\t\t\t\t\t\t<h2>Senaste sp\u00f6khistorierna:\u00a0<\/h2>\t\t\t\t\t\t\t\t<\/div>\n\t\t\t\t<\/div>\n\t\t\t\t<div class=\"elementor-element elementor-element-7db7ccf elementor-grid-3 elementor-grid-tablet-2 elementor-grid-mobile-1 elementor-posts--thumbnail-top elementor-widget elementor-widget-posts\" data-id=\"7db7ccf\" data-element_type=\"widget\" data-settings=\"{&quot;classic_columns&quot;:&quot;3&quot;,&quot;classic_columns_tablet&quot;:&quot;2&quot;,&quot;classic_columns_mobile&quot;:&quot;1&quot;,&quot;classic_row_gap&quot;:{&quot;unit&quot;:&quot;px&quot;,&quot;size&quot;:35,&quot;sizes&quot;:[]},&quot;classic_row_gap_tablet&quot;:{&quot;unit&quot;:&quot;px&quot;,&quot;size&quot;:&quot;&quot;,&quot;sizes&quot;:[]},&quot;classic_row_gap_mobile&quot;:{&quot;unit&quot;:&quot;px&quot;,&quot;size&quot;:&quot;&quot;,&quot;sizes&quot;:[]}}\" data-widget_type=\"posts.classic\">\n\t\t\t\t<div class=\"elementor-widget-container\">\n\t\t\t\t\t\t\t<div class=\"elementor-posts-container elementor-posts elementor-posts--skin-classic elementor-grid\">\n\t\t\t\t<article class=\"elementor-post elementor-grid-item post-613 post type-post status-publish format-standard has-post-thumbnail hentry category-spokhistorier tag-hemsokt tag-herrgard tag-slott tag-spoken tag-spokhistorier\">\n\t\t\t\t<a class=\"elementor-post__thumbnail__link\" href=\"https:\/\/www.medieteknik.info\/jdmvt25\/hemsokta-platser\/\" tabindex=\"-1\" >\n\t\t\t<div class=\"elementor-post__thumbnail\"><img fetchpriority=\"high\" decoding=\"async\" width=\"300\" height=\"217\" src=\"https:\/\/www.medieteknik.info\/jdmvt25\/wp-content\/uploads\/2025\/05\/Haringe_slott_interior_2014f-300x217.jpg\" class=\"attachment-medium size-medium wp-image-632\" alt=\"En g\u00e5ng i en gammal herrg\u00e5rd, tavlor h\u00e4nger p\u00e5 v\u00e4ggen och en r\u00f6d matta ligger p\u00e5 golvet. G\u00e5ngen leder till en \u00f6ppen glasd\u00f6rr som solen lyser igenom.\" srcset=\"https:\/\/www.medieteknik.info\/jdmvt25\/wp-content\/uploads\/2025\/05\/Haringe_slott_interior_2014f-300x217.jpg 300w, https:\/\/www.medieteknik.info\/jdmvt25\/wp-content\/uploads\/2025\/05\/Haringe_slott_interior_2014f-1024x741.jpg 1024w, https:\/\/www.medieteknik.info\/jdmvt25\/wp-content\/uploads\/2025\/05\/Haringe_slott_interior_2014f-768x556.jpg 768w, https:\/\/www.medieteknik.info\/jdmvt25\/wp-content\/uploads\/2025\/05\/Haringe_slott_interior_2014f-1536x1112.jpg 1536w, https:\/\/www.medieteknik.info\/jdmvt25\/wp-content\/uploads\/2025\/05\/Haringe_slott_interior_2014f-2048x1483.jpg 2048w\" sizes=\"(max-width: 300px) 100vw, 300px\" \/><\/div>\n\t\t<\/a>\n\t\t\t\t<div class=\"elementor-post__text\">\n\t\t\t\t<h3 class=\"elementor-post__title\">\n\t\t\t<a href=\"https:\/\/www.medieteknik.info\/jdmvt25\/hemsokta-platser\/\" >\n\t\t\t\tHems\u00f6kta platser\t\t\t<\/a>\n\t\t<\/h3>\n\t\t\t\t<div class=\"elementor-post__meta-data\">\n\t\t\t\t\t<span class=\"elementor-post-date\">\n\t\t\t28 maj 2025\t\t<\/span>\n\t\t\t\t<span class=\"elementor-post-avatar\">\n\t\t\tInga kommentarer\t\t<\/span>\n\t\t\t\t<\/div>\n\t\t\t\t<div class=\"elementor-post__excerpt\">\n\t\t\t<p>Runtom i Sverige finns m\u00e5nga hems\u00f6kta platser. Stugor, slott och herrg\u00e5rdar som b\u00e4r p\u00e5 en l\u00e5ng historia av m\u00e4nnisko\u00f6den. Nattbes\u00f6ket fascineras av dessa platser som<\/p>\n\t\t<\/div>\n\t\t\n\t\t<a class=\"elementor-post__read-more\" href=\"https:\/\/www.medieteknik.info\/jdmvt25\/hemsokta-platser\/\" aria-label=\"L\u00e4s mer om Hems\u00f6kta platser\" tabindex=\"-1\" >\n\t\t\tL\u00e4s mer \u00bb\t\t<\/a>\n\n\t\t\t\t<\/div>\n\t\t\t\t<\/article>\n\t\t\t\t<article class=\"elementor-post elementor-grid-item post-511 post type-post status-publish format-standard has-post-thumbnail hentry category-spokhistorier\">\n\t\t\t\t<a class=\"elementor-post__thumbnail__link\" href=\"https:\/\/www.medieteknik.info\/jdmvt25\/spokhistorier\/\" tabindex=\"-1\" >\n\t\t\t<div class=\"elementor-post__thumbnail\"><img decoding=\"async\" width=\"300\" height=\"300\" src=\"https:\/\/www.medieteknik.info\/jdmvt25\/wp-content\/uploads\/2025\/05\/fardig.logga_-300x300.jpg\" class=\"attachment-medium size-medium wp-image-535\" alt=\"En svartvit bild p\u00e5 ett m\u00f6rkt berg mitt i havet d\u00e4r v\u00e5gorna skvalpar. L\u00e4ngst upp p\u00e5 berget syns m\u00e5nen och en byggnad. \u00d6ver den svartvita bilden st\u00e5r texten &quot;nattbes\u00f6ket&quot; som rubrik och underrubrik &quot;k\u00e4nsliga lyssnare varnas&quot;\" srcset=\"https:\/\/www.medieteknik.info\/jdmvt25\/wp-content\/uploads\/2025\/05\/fardig.logga_-300x300.jpg 300w, https:\/\/www.medieteknik.info\/jdmvt25\/wp-content\/uploads\/2025\/05\/fardig.logga_-1024x1024.jpg 1024w, https:\/\/www.medieteknik.info\/jdmvt25\/wp-content\/uploads\/2025\/05\/fardig.logga_-150x150.jpg 150w, https:\/\/www.medieteknik.info\/jdmvt25\/wp-content\/uploads\/2025\/05\/fardig.logga_-768x768.jpg 768w, https:\/\/www.medieteknik.info\/jdmvt25\/wp-content\/uploads\/2025\/05\/fardig.logga_.jpg 1400w\" sizes=\"(max-width: 300px) 100vw, 300px\" \/><\/div>\n\t\t<\/a>\n\t\t\t\t<div class=\"elementor-post__text\">\n\t\t\t\t<h3 class=\"elementor-post__title\">\n\t\t\t<a href=\"https:\/\/www.medieteknik.info\/jdmvt25\/spokhistorier\/\" >\n\t\t\t\tSp\u00f6khistorier\t\t\t<\/a>\n\t\t<\/h3>\n\t\t\t\t<div class=\"elementor-post__meta-data\">\n\t\t\t\t\t<span class=\"elementor-post-date\">\n\t\t\t28 maj 2025\t\t<\/span>\n\t\t\t\t<span class=\"elementor-post-avatar\">\n\t\t\tInga kommentarer\t\t<\/span>\n\t\t\t\t<\/div>\n\t\t\t\t<div class=\"elementor-post__excerpt\">\n\t\t\t<p>Senaste sp\u00f6khistorierna: Sp\u00f6khistorier smakprov: Ber\u00e4ttelser fr\u00e5n skogen:\u00a0 Jag var 23 \u00e5r gammal, och k\u00f6rde tillsammans med min flickv\u00e4n hem fr\u00e5n en dag p\u00e5 stranden. Vi<\/p>\n\t\t<\/div>\n\t\t\n\t\t<a class=\"elementor-post__read-more\" href=\"https:\/\/www.medieteknik.info\/jdmvt25\/spokhistorier\/\" aria-label=\"L\u00e4s mer om Sp\u00f6khistorier\" tabindex=\"-1\" >\n\t\t\tL\u00e4s mer \u00bb\t\t<\/a>\n\n\t\t\t\t<\/div>\n\t\t\t\t<\/article>\n\t\t\t\t<article class=\"elementor-post elementor-grid-item post-466 post type-post status-publish format-standard has-post-thumbnail hentry category-spokhistorier tag-laskigt tag-nattbesoket tag-spokhistorier\">\n\t\t\t\t<a class=\"elementor-post__thumbnail__link\" href=\"https:\/\/www.medieteknik.info\/jdmvt25\/berattelser-fran-skogen\/\" tabindex=\"-1\" >\n\t\t\t<div class=\"elementor-post__thumbnail\"><img decoding=\"async\" width=\"225\" height=\"300\" src=\"https:\/\/www.medieteknik.info\/jdmvt25\/wp-content\/uploads\/2025\/05\/pexels-helen-mur-1765273694-29547573-225x300.jpg\" class=\"attachment-medium size-medium wp-image-487\" alt=\"En m\u00f6rk skog med h\u00f6ga tr\u00e4d p\u00e5 sidorna med en bilv\u00e4g i mitten.\" srcset=\"https:\/\/www.medieteknik.info\/jdmvt25\/wp-content\/uploads\/2025\/05\/pexels-helen-mur-1765273694-29547573-225x300.jpg 225w, https:\/\/www.medieteknik.info\/jdmvt25\/wp-content\/uploads\/2025\/05\/pexels-helen-mur-1765273694-29547573-768x1024.jpg 768w, https:\/\/www.medieteknik.info\/jdmvt25\/wp-content\/uploads\/2025\/05\/pexels-helen-mur-1765273694-29547573-1152x1536.jpg 1152w, https:\/\/www.medieteknik.info\/jdmvt25\/wp-content\/uploads\/2025\/05\/pexels-helen-mur-1765273694-29547573-1536x2048.jpg 1536w, https:\/\/www.medieteknik.info\/jdmvt25\/wp-content\/uploads\/2025\/05\/pexels-helen-mur-1765273694-29547573-scaled.jpg 1920w\" sizes=\"(max-width: 225px) 100vw, 225px\" \/><\/div>\n\t\t<\/a>\n\t\t\t\t<div class=\"elementor-post__text\">\n\t\t\t\t<h3 class=\"elementor-post__title\">\n\t\t\t<a href=\"https:\/\/www.medieteknik.info\/jdmvt25\/berattelser-fran-skogen\/\" >\n\t\t\t\tBer\u00e4ttelser fr\u00e5n skogen\t\t\t<\/a>\n\t\t<\/h3>\n\t\t\t\t<div class=\"elementor-post__meta-data\">\n\t\t\t\t\t<span class=\"elementor-post-date\">\n\t\t\t27 maj 2025\t\t<\/span>\n\t\t\t\t<span class=\"elementor-post-avatar\">\n\t\t\tInga kommentarer\t\t<\/span>\n\t\t\t\t<\/div>\n\t\t\t\t<div class=\"elementor-post__excerpt\">\n\t\t\t<p>Ber\u00e4ttelser fr\u00e5n skogen \u00e4r en inskickad historia till Creepypasta.se och ins\u00e4ndaren \u00e4r anonym. F\u00f6r de som \u00e4r vana skr\u00e4cklyssnare g\u00e5r de kanske i samma tankebanor<\/p>\n\t\t<\/div>\n\t\t\n\t\t<a class=\"elementor-post__read-more\" href=\"https:\/\/www.medieteknik.info\/jdmvt25\/berattelser-fran-skogen\/\" aria-label=\"L\u00e4s mer om Ber\u00e4ttelser fr\u00e5n skogen\" tabindex=\"-1\" >\n\t\t\tL\u00e4s mer \u00bb\t\t<\/a>\n\n\t\t\t\t<\/div>\n\t\t\t\t<\/article>\n\t\t\t\t<article class=\"elementor-post elementor-grid-item post-310 post type-post status-publish format-standard has-post-thumbnail hentry category-spokhistorier tag-dod tag-julotta tag-spoke tag-spokhistorier\">\n\t\t\t\t<a class=\"elementor-post__thumbnail__link\" href=\"https:\/\/www.medieteknik.info\/jdmvt25\/de-dodas-julotta\/\" tabindex=\"-1\" >\n\t\t\t<div class=\"elementor-post__thumbnail\"><img loading=\"lazy\" decoding=\"async\" width=\"300\" height=\"225\" src=\"https:\/\/www.medieteknik.info\/jdmvt25\/wp-content\/uploads\/2025\/05\/church-962071_1920-300x225.jpg\" class=\"attachment-medium size-medium wp-image-311\" alt=\"En svartvit bild tagen nedifr\u00e5n p\u00e5 en stenkyrka. Stenkyrkan har tv\u00e5 st\u00f6rre torn som \u00e4r hexagonformade.\" srcset=\"https:\/\/www.medieteknik.info\/jdmvt25\/wp-content\/uploads\/2025\/05\/church-962071_1920-300x225.jpg 300w, https:\/\/www.medieteknik.info\/jdmvt25\/wp-content\/uploads\/2025\/05\/church-962071_1920-1024x768.jpg 1024w, https:\/\/www.medieteknik.info\/jdmvt25\/wp-content\/uploads\/2025\/05\/church-962071_1920-768x576.jpg 768w, https:\/\/www.medieteknik.info\/jdmvt25\/wp-content\/uploads\/2025\/05\/church-962071_1920-1536x1152.jpg 1536w, https:\/\/www.medieteknik.info\/jdmvt25\/wp-content\/uploads\/2025\/05\/church-962071_1920.jpg 1920w\" sizes=\"(max-width: 300px) 100vw, 300px\" \/><\/div>\n\t\t<\/a>\n\t\t\t\t<div class=\"elementor-post__text\">\n\t\t\t\t<h3 class=\"elementor-post__title\">\n\t\t\t<a href=\"https:\/\/www.medieteknik.info\/jdmvt25\/de-dodas-julotta\/\" >\n\t\t\t\tDe d\u00f6das julotta\t\t\t<\/a>\n\t\t<\/h3>\n\t\t\t\t<div class=\"elementor-post__meta-data\">\n\t\t\t\t\t<span class=\"elementor-post-date\">\n\t\t\t27 maj 2025\t\t<\/span>\n\t\t\t\t<span class=\"elementor-post-avatar\">\n\t\t\tInga kommentarer\t\t<\/span>\n\t\t\t\t<\/div>\n\t\t\t\t<div class=\"elementor-post__excerpt\">\n\t\t\t<p>&#8221;De d\u00f6das julotta&#8221; \u00e4r en gammal s\u00e4gen som kan sp\u00e5ras \u00e4nda till 500-talet. Den v\u00e4cker verkligen obehag hos den som ibland vaknar till mitt i<\/p>\n\t\t<\/div>\n\t\t\n\t\t<a class=\"elementor-post__read-more\" href=\"https:\/\/www.medieteknik.info\/jdmvt25\/de-dodas-julotta\/\" aria-label=\"L\u00e4s mer om De d\u00f6das julotta\" tabindex=\"-1\" >\n\t\t\tL\u00e4s mer \u00bb\t\t<\/a>\n\n\t\t\t\t<\/div>\n\t\t\t\t<\/article>\n\t\t\t\t<\/div>\n\t\t\n\t\t\t\t\t\t<\/div>\n\t\t\t\t<\/div>\n\t\t\t\t\t<\/div>\n\t\t\t\t<\/div>\n\t\t<div class=\"elementor-element elementor-element-e0b39d1 e-flex e-con-boxed e-con e-parent\" data-id=\"e0b39d1\" data-element_type=\"container\">\n\t\t\t\t\t<div class=\"e-con-inner\">\n\t\t\t\t<div class=\"elementor-element elementor-element-9fbad29 elementor-widget elementor-widget-text-editor\" data-id=\"9fbad29\" data-element_type=\"widget\" data-widget_type=\"text-editor.default\">\n\t\t\t\t<div class=\"elementor-widget-container\">\n\t\t\t\t\t\t\t\t\t<h3>Sp\u00f6khistorier smakprov:\u00a0<\/h3><p><strong>Ber\u00e4ttelser fr\u00e5n skogen:\u00a0<\/strong><\/p><p>Jag var 23 \u00e5r gammal, och k\u00f6rde tillsammans med min flickv\u00e4n hem fr\u00e5n en dag p\u00e5 stranden. Vi hade varit vid kusten men best\u00e4mde oss f\u00f6r att \u00e5ka vid solnedg\u00e5ngen, och resan hem skulle ta tre timmar. Det var jag som k\u00f6rde, och min tjej somnade efter att vi hade kommit in p\u00e5 motorv\u00e4gen. Det var bara vi p\u00e5 v\u00e4gen. Dessutom var v\u00e4gen inte upplyst, och det fanns inga hus vid v\u00e4gkanterna, s\u00e5 natten vi k\u00f6rde igenom var helt kolsvart. Jag k\u00e4nde mig allt tr\u00f6ttare, och drack till slut den Red Bull som jag brukar ha liggande i handskfacket f\u00f6r just n\u00f6dfall som detta. En timme senare k\u00e4nde jag mig b\u00e4ttre, och inte lika tr\u00f6tt som f\u00f6rut. Jag var d\u00e4remot tvungen att g\u00e5 p\u00e5 toaletten och f\u00f6rs\u00f6kte d\u00e4rf\u00f6r hitta en rastplats.<\/p><p>Efter att ha k\u00f6rt i 30 minuter utan att ha sett n\u00e5gon best\u00e4mde jag mig bara f\u00f6r att k\u00f6ra in till v\u00e4gkanten och kissa d\u00e4r. Min tjej vaknade n\u00e4r bilen gick \u00f6ver de d\u00e4r strecken som \u00e4r till f\u00f6r att v\u00e4cka f\u00f6rare som slumrar till vid ratten. Hon fr\u00e5gade om det var n\u00e5got p\u00e5 tok, jag sade att naturen kallade, hon skrattade och jag gick ut f\u00f6r att g\u00f6ra vad jag beh\u00f6vde. <a href=\"https:\/\/www.medieteknik.info\/jdmvt25\/berattelser-fran-skogen\/\">L\u00e4s mer &gt;&gt;\u00a0<\/a><\/p><p><strong>De d\u00f6das julotta:\u00a0<\/strong><\/p><p>Det var en g\u00e5ng en kvinna som bodde i K\u00f6ksn\u00e4set. Hon vaknade mitt i natten p\u00e5 juldagens morgon, s\u00e5g att v\u00e4ckarklockan stannat och f\u00f6rstod att hon skulle komma f\u00f6rsent till julottan. Kvinnan fick p\u00e5 sig kappan, sprang upp mot kyrkan som l\u00e5g inte l\u00e5ngt ifr\u00e5n hennes stuga, uppe p\u00e5 en h\u00f6jd. Hon s\u00e5g att det var folk d\u00e4rinne. Ett blekbl\u00e5tt sken str\u00e5lade ut genom f\u00f6nstren s\u00e5 att man kunde se dom m\u00f6rka silhuetterna av tr\u00e4den p\u00e5 kyrkog\u00e5rden.\u00a0<\/p><p>Hon sk\u00e4mdes f\u00f6rf\u00e4rligt och v\u00e5gade knappt \u00f6ppna den tunga d\u00f6rren in i kyrksalen. D\u00e4rinne var det fullt med folk, men hon ville inte m\u00f6ta deras blickar. Hon stirrade ner i golvet och sj\u00f6nk ner p\u00e5 en ledig plats l\u00e4ngst fram till v\u00e4nster. Det var d\u00e5 hon k\u00e4nde att det var n\u00e5got som inte var som vanligt. Det var underligt tyst i kyrkan. Och det luktade unket, som av jord eller halvruttnande l\u00f6v.<\/p><p>Pl\u00f6tsligt k\u00e4nde hon en hand p\u00e5 sin axel. Det var farfar! Hon k\u00e4nde igen honom fr\u00e5n det bruna fotografiet \u00f6ver byr\u00e5n hemma. Det var d\u00e5 det slog henne &#8211; hon hade ju aldrig tr\u00e4ffat sin farfar! Han var d\u00f6d och begraven m\u00e5nga \u00e5r innan hon f\u00f6ddes. <a href=\"https:\/\/www.medieteknik.info\/jdmvt25\/de-dodas-julotta\/\">L\u00e4s mer&gt;&gt;<\/a><\/p>\t\t\t\t\t\t\t\t<\/div>\n\t\t\t\t<\/div>\n\t\t\t\t\t<\/div>\n\t\t\t\t<\/div>\n\t\t\t\t<\/div>\n\t\t","protected":false},"excerpt":{"rendered":"<p>Senaste sp\u00f6khistorierna: Sp\u00f6khistorier smakprov: Ber\u00e4ttelser fr\u00e5n skogen:\u00a0 Jag var 23 \u00e5r gammal, och k\u00f6rde tillsammans med min flickv\u00e4n hem fr\u00e5n en dag p\u00e5 stranden. Vi hade varit vid kusten men best\u00e4mde oss f\u00f6r att \u00e5ka vid solnedg\u00e5ngen, och resan hem skulle ta tre timmar. Det var jag som k\u00f6rde, och min tjej somnade efter att [&hellip;]<\/p>\n","protected":false},"author":4,"featured_media":535,"comment_status":"open","ping_status":"open","sticky":false,"template":"","format":"standard","meta":{"footnotes":""},"categories":[16],"tags":[],"class_list":["post-511","post","type-post","status-publish","format-standard","has-post-thumbnail","hentry","category-spokhistorier"],"yoast_head":"<!-- This site is optimized with the Yoast SEO plugin v25.2 - https:\/\/yoast.com\/wordpress\/plugins\/seo\/ -->\n<title>Sp\u00f6khistorier - JDM Specialisering<\/title>\n<meta name=\"description\" content=\"Sp\u00f6khistorier. H\u00e4r publiceras nattbes\u00f6kets alla sp\u00f6khistorier som uppl\u00e4ses i podden. H\u00e4r finns hela versionen.\" \/>\n<meta name=\"robots\" content=\"index, follow, max-snippet:-1, max-image-preview:large, max-video-preview:-1\" \/>\n<link rel=\"canonical\" href=\"https:\/\/www.medieteknik.info\/jdmvt25\/spokhistorier\/\" \/>\n<meta property=\"og:locale\" content=\"sv_SE\" \/>\n<meta property=\"og:type\" content=\"article\" \/>\n<meta property=\"og:title\" content=\"Sp\u00f6khistorier - JDM Specialisering\" \/>\n<meta property=\"og:description\" content=\"Sp\u00f6khistorier. H\u00e4r publiceras nattbes\u00f6kets alla sp\u00f6khistorier som uppl\u00e4ses i podden. H\u00e4r finns hela versionen.\" \/>\n<meta property=\"og:url\" content=\"https:\/\/www.medieteknik.info\/jdmvt25\/spokhistorier\/\" \/>\n<meta property=\"og:site_name\" content=\"JDM Specialisering\" \/>\n<meta property=\"article:published_time\" content=\"2025-05-28T08:06:44+00:00\" \/>\n<meta property=\"article:modified_time\" content=\"2025-05-28T11:36:43+00:00\" \/>\n<meta property=\"og:image\" content=\"https:\/\/www.medieteknik.info\/jdmvt25\/wp-content\/uploads\/2025\/05\/fardig.logga_.jpg\" \/>\n\t<meta property=\"og:image:width\" content=\"1400\" \/>\n\t<meta property=\"og:image:height\" content=\"1400\" \/>\n\t<meta property=\"og:image:type\" content=\"image\/jpeg\" \/>\n<meta name=\"author\" content=\"Ylvaaxelson\" \/>\n<meta name=\"twitter:card\" content=\"summary_large_image\" \/>\n<meta name=\"twitter:label1\" content=\"Skriven av\" \/>\n\t<meta name=\"twitter:data1\" content=\"Ylvaaxelson\" \/>\n\t<meta name=\"twitter:label2\" content=\"Ber\u00e4knad l\u00e4stid\" \/>\n\t<meta name=\"twitter:data2\" content=\"3 minuter\" \/>\n<script type=\"application\/ld+json\" class=\"yoast-schema-graph\">{\"@context\":\"https:\/\/schema.org\",\"@graph\":[{\"@type\":\"Article\",\"@id\":\"https:\/\/www.medieteknik.info\/jdmvt25\/spokhistorier\/#article\",\"isPartOf\":{\"@id\":\"https:\/\/www.medieteknik.info\/jdmvt25\/spokhistorier\/\"},\"author\":{\"name\":\"Ylvaaxelson\",\"@id\":\"https:\/\/www.medieteknik.info\/jdmvt25\/#\/schema\/person\/2a600f92df435bbfd927294740b1375a\"},\"headline\":\"Sp\u00f6khistorier\",\"datePublished\":\"2025-05-28T08:06:44+00:00\",\"dateModified\":\"2025-05-28T11:36:43+00:00\",\"mainEntityOfPage\":{\"@id\":\"https:\/\/www.medieteknik.info\/jdmvt25\/spokhistorier\/\"},\"wordCount\":506,\"commentCount\":0,\"publisher\":{\"@id\":\"https:\/\/www.medieteknik.info\/jdmvt25\/#organization\"},\"image\":{\"@id\":\"https:\/\/www.medieteknik.info\/jdmvt25\/spokhistorier\/#primaryimage\"},\"thumbnailUrl\":\"https:\/\/www.medieteknik.info\/jdmvt25\/wp-content\/uploads\/2025\/05\/fardig.logga_.jpg\",\"articleSection\":[\"Sp\u00f6khistorier\"],\"inLanguage\":\"sv-SE\",\"potentialAction\":[{\"@type\":\"CommentAction\",\"name\":\"Comment\",\"target\":[\"https:\/\/www.medieteknik.info\/jdmvt25\/spokhistorier\/#respond\"]}]},{\"@type\":\"WebPage\",\"@id\":\"https:\/\/www.medieteknik.info\/jdmvt25\/spokhistorier\/\",\"url\":\"https:\/\/www.medieteknik.info\/jdmvt25\/spokhistorier\/\",\"name\":\"Sp\u00f6khistorier - JDM Specialisering\",\"isPartOf\":{\"@id\":\"https:\/\/www.medieteknik.info\/jdmvt25\/#website\"},\"primaryImageOfPage\":{\"@id\":\"https:\/\/www.medieteknik.info\/jdmvt25\/spokhistorier\/#primaryimage\"},\"image\":{\"@id\":\"https:\/\/www.medieteknik.info\/jdmvt25\/spokhistorier\/#primaryimage\"},\"thumbnailUrl\":\"https:\/\/www.medieteknik.info\/jdmvt25\/wp-content\/uploads\/2025\/05\/fardig.logga_.jpg\",\"datePublished\":\"2025-05-28T08:06:44+00:00\",\"dateModified\":\"2025-05-28T11:36:43+00:00\",\"description\":\"Sp\u00f6khistorier. H\u00e4r publiceras nattbes\u00f6kets alla sp\u00f6khistorier som uppl\u00e4ses i podden. H\u00e4r finns hela versionen.\",\"breadcrumb\":{\"@id\":\"https:\/\/www.medieteknik.info\/jdmvt25\/spokhistorier\/#breadcrumb\"},\"inLanguage\":\"sv-SE\",\"potentialAction\":[{\"@type\":\"ReadAction\",\"target\":[\"https:\/\/www.medieteknik.info\/jdmvt25\/spokhistorier\/\"]}]},{\"@type\":\"ImageObject\",\"inLanguage\":\"sv-SE\",\"@id\":\"https:\/\/www.medieteknik.info\/jdmvt25\/spokhistorier\/#primaryimage\",\"url\":\"https:\/\/www.medieteknik.info\/jdmvt25\/wp-content\/uploads\/2025\/05\/fardig.logga_.jpg\",\"contentUrl\":\"https:\/\/www.medieteknik.info\/jdmvt25\/wp-content\/uploads\/2025\/05\/fardig.logga_.jpg\",\"width\":1400,\"height\":1400,\"caption\":\"Nattbes\u00f6kets poddlogga\"},{\"@type\":\"BreadcrumbList\",\"@id\":\"https:\/\/www.medieteknik.info\/jdmvt25\/spokhistorier\/#breadcrumb\",\"itemListElement\":[{\"@type\":\"ListItem\",\"position\":1,\"name\":\"Hem\",\"item\":\"https:\/\/www.medieteknik.info\/jdmvt25\/\"},{\"@type\":\"ListItem\",\"position\":2,\"name\":\"Sp\u00f6khistorier\"}]},{\"@type\":\"WebSite\",\"@id\":\"https:\/\/www.medieteknik.info\/jdmvt25\/#website\",\"url\":\"https:\/\/www.medieteknik.info\/jdmvt25\/\",\"name\":\"JDM Specialisering\",\"description\":\"\",\"publisher\":{\"@id\":\"https:\/\/www.medieteknik.info\/jdmvt25\/#organization\"},\"potentialAction\":[{\"@type\":\"SearchAction\",\"target\":{\"@type\":\"EntryPoint\",\"urlTemplate\":\"https:\/\/www.medieteknik.info\/jdmvt25\/?s={search_term_string}\"},\"query-input\":{\"@type\":\"PropertyValueSpecification\",\"valueRequired\":true,\"valueName\":\"search_term_string\"}}],\"inLanguage\":\"sv-SE\"},{\"@type\":\"Organization\",\"@id\":\"https:\/\/www.medieteknik.info\/jdmvt25\/#organization\",\"name\":\"JDM Specialisering\",\"url\":\"https:\/\/www.medieteknik.info\/jdmvt25\/\",\"logo\":{\"@type\":\"ImageObject\",\"inLanguage\":\"sv-SE\",\"@id\":\"https:\/\/www.medieteknik.info\/jdmvt25\/#\/schema\/logo\/image\/\",\"url\":\"https:\/\/www.medieteknik.info\/jdmvt25\/wp-content\/uploads\/2025\/05\/sodertorn.jpg\",\"contentUrl\":\"https:\/\/www.medieteknik.info\/jdmvt25\/wp-content\/uploads\/2025\/05\/sodertorn.jpg\",\"width\":478,\"height\":269,\"caption\":\"JDM Specialisering\"},\"image\":{\"@id\":\"https:\/\/www.medieteknik.info\/jdmvt25\/#\/schema\/logo\/image\/\"}},{\"@type\":\"Person\",\"@id\":\"https:\/\/www.medieteknik.info\/jdmvt25\/#\/schema\/person\/2a600f92df435bbfd927294740b1375a\",\"name\":\"Ylvaaxelson\",\"image\":{\"@type\":\"ImageObject\",\"inLanguage\":\"sv-SE\",\"@id\":\"https:\/\/www.medieteknik.info\/jdmvt25\/#\/schema\/person\/image\/\",\"url\":\"https:\/\/secure.gravatar.com\/avatar\/ae630717388325641e6d2cc6a6e34a7f6274a045515e3f1317e1ac601d944163?s=96&d=mm&r=g\",\"contentUrl\":\"https:\/\/secure.gravatar.com\/avatar\/ae630717388325641e6d2cc6a6e34a7f6274a045515e3f1317e1ac601d944163?s=96&d=mm&r=g\",\"caption\":\"Ylvaaxelson\"},\"url\":\"https:\/\/www.medieteknik.info\/jdmvt25\/author\/ylvaaxelson\/\"}]}<\/script>\n<!-- \/ Yoast SEO plugin. -->","yoast_head_json":{"title":"Sp\u00f6khistorier - JDM Specialisering","description":"Sp\u00f6khistorier. H\u00e4r publiceras nattbes\u00f6kets alla sp\u00f6khistorier som uppl\u00e4ses i podden. H\u00e4r finns hela versionen.","robots":{"index":"index","follow":"follow","max-snippet":"max-snippet:-1","max-image-preview":"max-image-preview:large","max-video-preview":"max-video-preview:-1"},"canonical":"https:\/\/www.medieteknik.info\/jdmvt25\/spokhistorier\/","og_locale":"sv_SE","og_type":"article","og_title":"Sp\u00f6khistorier - JDM Specialisering","og_description":"Sp\u00f6khistorier. H\u00e4r publiceras nattbes\u00f6kets alla sp\u00f6khistorier som uppl\u00e4ses i podden. H\u00e4r finns hela versionen.","og_url":"https:\/\/www.medieteknik.info\/jdmvt25\/spokhistorier\/","og_site_name":"JDM Specialisering","article_published_time":"2025-05-28T08:06:44+00:00","article_modified_time":"2025-05-28T11:36:43+00:00","og_image":[{"width":1400,"height":1400,"url":"https:\/\/www.medieteknik.info\/jdmvt25\/wp-content\/uploads\/2025\/05\/fardig.logga_.jpg","type":"image\/jpeg"}],"author":"Ylvaaxelson","twitter_card":"summary_large_image","twitter_misc":{"Skriven av":"Ylvaaxelson","Ber\u00e4knad l\u00e4stid":"3 minuter"},"schema":{"@context":"https:\/\/schema.org","@graph":[{"@type":"Article","@id":"https:\/\/www.medieteknik.info\/jdmvt25\/spokhistorier\/#article","isPartOf":{"@id":"https:\/\/www.medieteknik.info\/jdmvt25\/spokhistorier\/"},"author":{"name":"Ylvaaxelson","@id":"https:\/\/www.medieteknik.info\/jdmvt25\/#\/schema\/person\/2a600f92df435bbfd927294740b1375a"},"headline":"Sp\u00f6khistorier","datePublished":"2025-05-28T08:06:44+00:00","dateModified":"2025-05-28T11:36:43+00:00","mainEntityOfPage":{"@id":"https:\/\/www.medieteknik.info\/jdmvt25\/spokhistorier\/"},"wordCount":506,"commentCount":0,"publisher":{"@id":"https:\/\/www.medieteknik.info\/jdmvt25\/#organization"},"image":{"@id":"https:\/\/www.medieteknik.info\/jdmvt25\/spokhistorier\/#primaryimage"},"thumbnailUrl":"https:\/\/www.medieteknik.info\/jdmvt25\/wp-content\/uploads\/2025\/05\/fardig.logga_.jpg","articleSection":["Sp\u00f6khistorier"],"inLanguage":"sv-SE","potentialAction":[{"@type":"CommentAction","name":"Comment","target":["https:\/\/www.medieteknik.info\/jdmvt25\/spokhistorier\/#respond"]}]},{"@type":"WebPage","@id":"https:\/\/www.medieteknik.info\/jdmvt25\/spokhistorier\/","url":"https:\/\/www.medieteknik.info\/jdmvt25\/spokhistorier\/","name":"Sp\u00f6khistorier - JDM Specialisering","isPartOf":{"@id":"https:\/\/www.medieteknik.info\/jdmvt25\/#website"},"primaryImageOfPage":{"@id":"https:\/\/www.medieteknik.info\/jdmvt25\/spokhistorier\/#primaryimage"},"image":{"@id":"https:\/\/www.medieteknik.info\/jdmvt25\/spokhistorier\/#primaryimage"},"thumbnailUrl":"https:\/\/www.medieteknik.info\/jdmvt25\/wp-content\/uploads\/2025\/05\/fardig.logga_.jpg","datePublished":"2025-05-28T08:06:44+00:00","dateModified":"2025-05-28T11:36:43+00:00","description":"Sp\u00f6khistorier. H\u00e4r publiceras nattbes\u00f6kets alla sp\u00f6khistorier som uppl\u00e4ses i podden. H\u00e4r finns hela versionen.","breadcrumb":{"@id":"https:\/\/www.medieteknik.info\/jdmvt25\/spokhistorier\/#breadcrumb"},"inLanguage":"sv-SE","potentialAction":[{"@type":"ReadAction","target":["https:\/\/www.medieteknik.info\/jdmvt25\/spokhistorier\/"]}]},{"@type":"ImageObject","inLanguage":"sv-SE","@id":"https:\/\/www.medieteknik.info\/jdmvt25\/spokhistorier\/#primaryimage","url":"https:\/\/www.medieteknik.info\/jdmvt25\/wp-content\/uploads\/2025\/05\/fardig.logga_.jpg","contentUrl":"https:\/\/www.medieteknik.info\/jdmvt25\/wp-content\/uploads\/2025\/05\/fardig.logga_.jpg","width":1400,"height":1400,"caption":"Nattbes\u00f6kets poddlogga"},{"@type":"BreadcrumbList","@id":"https:\/\/www.medieteknik.info\/jdmvt25\/spokhistorier\/#breadcrumb","itemListElement":[{"@type":"ListItem","position":1,"name":"Hem","item":"https:\/\/www.medieteknik.info\/jdmvt25\/"},{"@type":"ListItem","position":2,"name":"Sp\u00f6khistorier"}]},{"@type":"WebSite","@id":"https:\/\/www.medieteknik.info\/jdmvt25\/#website","url":"https:\/\/www.medieteknik.info\/jdmvt25\/","name":"JDM Specialisering","description":"","publisher":{"@id":"https:\/\/www.medieteknik.info\/jdmvt25\/#organization"},"potentialAction":[{"@type":"SearchAction","target":{"@type":"EntryPoint","urlTemplate":"https:\/\/www.medieteknik.info\/jdmvt25\/?s={search_term_string}"},"query-input":{"@type":"PropertyValueSpecification","valueRequired":true,"valueName":"search_term_string"}}],"inLanguage":"sv-SE"},{"@type":"Organization","@id":"https:\/\/www.medieteknik.info\/jdmvt25\/#organization","name":"JDM Specialisering","url":"https:\/\/www.medieteknik.info\/jdmvt25\/","logo":{"@type":"ImageObject","inLanguage":"sv-SE","@id":"https:\/\/www.medieteknik.info\/jdmvt25\/#\/schema\/logo\/image\/","url":"https:\/\/www.medieteknik.info\/jdmvt25\/wp-content\/uploads\/2025\/05\/sodertorn.jpg","contentUrl":"https:\/\/www.medieteknik.info\/jdmvt25\/wp-content\/uploads\/2025\/05\/sodertorn.jpg","width":478,"height":269,"caption":"JDM Specialisering"},"image":{"@id":"https:\/\/www.medieteknik.info\/jdmvt25\/#\/schema\/logo\/image\/"}},{"@type":"Person","@id":"https:\/\/www.medieteknik.info\/jdmvt25\/#\/schema\/person\/2a600f92df435bbfd927294740b1375a","name":"Ylvaaxelson","image":{"@type":"ImageObject","inLanguage":"sv-SE","@id":"https:\/\/www.medieteknik.info\/jdmvt25\/#\/schema\/person\/image\/","url":"https:\/\/secure.gravatar.com\/avatar\/ae630717388325641e6d2cc6a6e34a7f6274a045515e3f1317e1ac601d944163?s=96&d=mm&r=g","contentUrl":"https:\/\/secure.gravatar.com\/avatar\/ae630717388325641e6d2cc6a6e34a7f6274a045515e3f1317e1ac601d944163?s=96&d=mm&r=g","caption":"Ylvaaxelson"},"url":"https:\/\/www.medieteknik.info\/jdmvt25\/author\/ylvaaxelson\/"}]}},"_links":{"self":[{"href":"https:\/\/www.medieteknik.info\/jdmvt25\/wp-json\/wp\/v2\/posts\/511","targetHints":{"allow":["GET"]}}],"collection":[{"href":"https:\/\/www.medieteknik.info\/jdmvt25\/wp-json\/wp\/v2\/posts"}],"about":[{"href":"https:\/\/www.medieteknik.info\/jdmvt25\/wp-json\/wp\/v2\/types\/post"}],"author":[{"embeddable":true,"href":"https:\/\/www.medieteknik.info\/jdmvt25\/wp-json\/wp\/v2\/users\/4"}],"replies":[{"embeddable":true,"href":"https:\/\/www.medieteknik.info\/jdmvt25\/wp-json\/wp\/v2\/comments?post=511"}],"version-history":[{"count":38,"href":"https:\/\/www.medieteknik.info\/jdmvt25\/wp-json\/wp\/v2\/posts\/511\/revisions"}],"predecessor-version":[{"id":667,"href":"https:\/\/www.medieteknik.info\/jdmvt25\/wp-json\/wp\/v2\/posts\/511\/revisions\/667"}],"wp:featuredmedia":[{"embeddable":true,"href":"https:\/\/www.medieteknik.info\/jdmvt25\/wp-json\/wp\/v2\/media\/535"}],"wp:attachment":[{"href":"https:\/\/www.medieteknik.info\/jdmvt25\/wp-json\/wp\/v2\/media?parent=511"}],"wp:term":[{"taxonomy":"category","embeddable":true,"href":"https:\/\/www.medieteknik.info\/jdmvt25\/wp-json\/wp\/v2\/categories?post=511"},{"taxonomy":"post_tag","embeddable":true,"href":"https:\/\/www.medieteknik.info\/jdmvt25\/wp-json\/wp\/v2\/tags?post=511"}],"curies":[{"name":"wp","href":"https:\/\/api.w.org\/{rel}","templated":true}]}}